{"id":9689,"date":"2026-08-31T16:34:12","date_gmt":"2026-08-31T21:34:12","guid":{"rendered":"https:\/\/enlinea.unsch.edu.pe\/?p=9689"},"modified":"2026-08-31T16:38:19","modified_gmt":"2026-08-31T21:38:19","slug":"unsch-inicia-el-semestre-academico-2026-ii","status":"publish","type":"post","link":"https:\/\/enlinea.unsch.edu.pe\/index.php\/unsch-inicia-el-semestre-academico-2026-ii\/","title":{"rendered":"UNSCH inicia el semestre acad\u00e9mico 2026-II"},"content":{"rendered":"\n[et_pb_section fb_built=\u00bb1&#8243; theme_builder_area=\u00bbpost_content\u00bb _builder_version=\u00bb4.27.5&#8243; _module_preset=\u00bbdefault\u00bb da_is_popup=\u00bboff\u00bb da_exit_intent=\u00bboff\u00bb da_has_close=\u00bbon\u00bb da_alt_close=\u00bboff\u00bb da_dark_close=\u00bboff\u00bb da_not_modal=\u00bbon\u00bb da_is_singular=\u00bboff\u00bb da_with_loader=\u00bboff\u00bb da_has_shadow=\u00bbon\u00bb da_disable_devices=\u00bboff|off|off\u00bb][et_pb_row _builder_version=\u00bb4.27.5&#8243; _module_preset=\u00bbdefault\u00bb theme_builder_area=\u00bbpost_content\u00bb][et_pb_column _builder_version=\u00bb4.27.5&#8243; _module_preset=\u00bbdefault\u00bb type=\u00bb4_4&#8243; theme_builder_area=\u00bbpost_content\u00bb][et_pb_image src=\u00bbhttps:\/\/enlinea.unsch.edu.pe\/wp-content\/uploads\/2026\/08\/780032462_1536849275137542_9057363253804124249_n.jpg\u00bb _builder_version=\u00bb4.27.5&#8243; _module_preset=\u00bbdefault\u00bb theme_builder_area=\u00bbpost_content\u00bb title_text=\u00bb780032462_1536849275137542_9057363253804124249_n\u00bb hover_enabled=\u00bb0&#8243; sticky_enabled=\u00bb0&#8243;][\/et_pb_image][\/et_pb_column][\/et_pb_row][\/et_pb_section][et_pb_section fb_built=\u00bb1&#8243; theme_builder_area=\u00bbpost_content\u00bb _builder_version=\u00bb4.27.5&#8243; _module_preset=\u00bbdefault\u00bb da_is_popup=\u00bboff\u00bb da_exit_intent=\u00bboff\u00bb da_has_close=\u00bbon\u00bb da_alt_close=\u00bboff\u00bb da_dark_close=\u00bboff\u00bb da_not_modal=\u00bbon\u00bb da_is_singular=\u00bboff\u00bb da_with_loader=\u00bboff\u00bb da_has_shadow=\u00bbon\u00bb da_disable_devices=\u00bboff|off|off\u00bb][et_pb_row _builder_version=\u00bb4.27.5&#8243; _module_preset=\u00bbdefault\u00bb theme_builder_area=\u00bbpost_content\u00bb][et_pb_column _builder_version=\u00bb4.27.5&#8243; _module_preset=\u00bbdefault\u00bb type=\u00bb4_4&#8243; theme_builder_area=\u00bbpost_content\u00bb][et_pb_text _builder_version=\u00bb4.27.5&#8243; _module_preset=\u00bbdefault\u00bb theme_builder_area=\u00bbpost_content\u00bb hover_enabled=\u00bb0&#8243; sticky_enabled=\u00bb0&#8243;]<p style=\"text-align: justify;\"><span style=\"font-weight: 400;\">La Universidad Nacional de San Crist\u00f3bal de Huamanga realiz\u00f3 la ceremonia de inicio del semestre acad\u00e9mico 2026-II. La actividad reuni\u00f3 a estudiantes, docentes, autoridades y funcionarios.<\/span><\/p>\n<p style=\"text-align: justify;\"><span style=\"font-weight: 400;\">La ceremonia estuvo presidida por el rector, Dr. Emilio Ram\u00edrez Roca; el vicerrector acad\u00e9mico, Dr. Hermes Berm\u00fadez Valqui; y el vicerrector de Investigaci\u00f3n, Dr. Jos\u00e9 Quispe Tenorio. Tambi\u00e9n participaron decanos y funcionarios universitarios.<\/span><\/p>\n<p style=\"text-align: justify;\"><span style=\"font-weight: 400;\">Durante su intervenci\u00f3n, el rector destac\u00f3 los principales logros alcanzados durante el primer a\u00f1o de gesti\u00f3n. Asimismo, resalt\u00f3 las acciones desarrolladas en beneficio de la comunidad universitaria.<\/span><\/p>\n<p style=\"text-align: justify;\"><span style=\"font-weight: 400;\">El encuentro cont\u00f3 con presentaciones musicales, sorteo de premios y un espacio de confraternizaci\u00f3n. Estas actividades permitieron fortalecer la integraci\u00f3n entre estudiantes, docentes y autoridades.<\/span><\/p>\n<p style=\"text-align: justify;\"><span style=\"font-weight: 400;\">Con esta ceremonia, la UNSCH dio la bienvenida al semestre acad\u00e9mico 2026-II. La universidad expres\u00f3 sus mejores deseos a los estudiantes durante esta nueva etapa formativa.<\/span><\/p>[\/et_pb_text][\/et_pb_column][\/et_pb_row][\/et_pb_section]\n","protected":false},"excerpt":{"rendered":"<p>La Universidad Nacional de San Crist\u00f3bal de Huamanga realiz\u00f3 la ceremonia de inicio del semestre acad\u00e9mico 2026-II. La actividad reuni\u00f3 a estudiantes, docentes, autoridades y funcionarios. La ceremonia estuvo presidida por el rector, Dr. Emilio Ram\u00edrez Roca; el vicerrector acad\u00e9mico, Dr. Hermes Berm\u00fadez Valqui; y el vicerrector de Investigaci\u00f3n, Dr. Jos\u00e9 Quispe Tenorio. Tambi\u00e9n participaron [&hellip;]<\/p>\n","protected":false},"author":14,"featured_media":9691,"comment_status":"open","ping_status":"open","sticky":false,"template":"","format":"standard","meta":{"_et_pb_use_builder":"on","_et_pb_old_content":"","_et_gb_content_width":"","footnotes":""},"categories":[8],"tags":[],"class_list":["post-9689","post","type-post","status-publish","format-standard","has-post-thumbnail","hentry","category-noticia"],"publishpress_future_action":{"enabled":false,"date":"2026-09-07 23:38:22","action":"change-status","newStatus":"draft","terms":[],"taxonomy":"category","extraData":[]},"publishpress_future_workflow_manual_trigger":{"enabledWorkflows":[]},"_links":{"self":[{"href":"https:\/\/enlinea.unsch.edu.pe\/index.php\/wp-json\/wp\/v2\/posts\/9689","targetHints":{"allow":["GET"]}}],"collection":[{"href":"https:\/\/enlinea.unsch.edu.pe\/index.php\/wp-json\/wp\/v2\/posts"}],"about":[{"href":"https:\/\/enlinea.unsch.edu.pe\/index.php\/wp-json\/wp\/v2\/types\/post"}],"author":[{"embeddable":true,"href":"https:\/\/enlinea.unsch.edu.pe\/index.php\/wp-json\/wp\/v2\/users\/14"}],"replies":[{"embeddable":true,"href":"https:\/\/enlinea.unsch.edu.pe\/index.php\/wp-json\/wp\/v2\/comments?post=9689"}],"version-history":[{"count":4,"href":"https:\/\/enlinea.unsch.edu.pe\/index.php\/wp-json\/wp\/v2\/posts\/9689\/revisions"}],"predecessor-version":[{"id":9696,"href":"https:\/\/enlinea.unsch.edu.pe\/index.php\/wp-json\/wp\/v2\/posts\/9689\/revisions\/9696"}],"wp:featuredmedia":[{"embeddable":true,"href":"https:\/\/enlinea.unsch.edu.pe\/index.php\/wp-json\/wp\/v2\/media\/9691"}],"wp:attachment":[{"href":"https:\/\/enlinea.unsch.edu.pe\/index.php\/wp-json\/wp\/v2\/media?parent=9689"}],"wp:term":[{"taxonomy":"category","embeddable":true,"href":"https:\/\/enlinea.unsch.edu.pe\/index.php\/wp-json\/wp\/v2\/categories?post=9689"},{"taxonomy":"post_tag","embeddable":true,"href":"https:\/\/enlinea.unsch.edu.pe\/index.php\/wp-json\/wp\/v2\/tags?post=9689"}],"curies":[{"name":"wp","href":"https:\/\/api.w.org\/{rel}","templated":true}]}}